{"id":2716,"date":"2016-05-31T22:06:15","date_gmt":"2016-05-31T20:06:15","guid":{"rendered":"http:\/\/www.target10a.com\/magazin\/?p=2716"},"modified":"2016-05-31T22:08:56","modified_gmt":"2016-05-31T20:08:56","slug":"podcast-2016er-bossk-check-iv-fuer-juergen-ich-bin-und-bleibe-ein-wett-kaempfer","status":"publish","type":"post","link":"https:\/\/www.target10a.com\/magazin\/2016\/05\/31\/podcast-2016er-bossk-check-iv-fuer-juergen-ich-bin-und-bleibe-ein-wett-kaempfer\/","title":{"rendered":"Podcast &#8211; 2016er-Bossk-Check IV f\u00fcr J\u00fcrgen \u2013 \u201eIch bin und bleibe ein WETT-K\u00e4mpfer!\u201c"},"content":{"rendered":"<h4>Juergen Reis im Interview mit Bossk (Folge 559 Special)<\/h4>\n<p><!--[if lt IE 9]><script>document.createElement('audio');<\/script><![endif]-->\n<audio class=\"wp-audio-shortcode\" id=\"audio-2716-1\" preload=\"none\" style=\"width: 100%;\" controls=\"controls\"><source type=\"audio\/mpeg\" src=\"http:\/\/download.power-quest.cc\/PQ-podcast559special.mp3?_=1\" \/><a href=\"http:\/\/download.power-quest.cc\/PQ-podcast559special.mp3\">http:\/\/download.power-quest.cc\/PQ-podcast559special.mp3<\/a><\/audio><br \/>\nQuelle: <a href=\"http:\/\/download.power-quest.cc\/PQ-podcast559special.mp3\">http:\/\/download.power-quest.cc\/PQ-podcast559special.mp3<\/a> von <a href=\"http:\/\/www.power-quest.cc\/\">power-quest.cc<\/a><\/p>\n<p>SPECIAL: 2016er-Bossk-Check IV f\u00fcr J\u00fcrgen \u2013 \u201eIch bin und bleibe ein WETT-K\u00e4mpfer!\u201c<br \/>\n&#8230; Eine \u00dcberschrift, die bereits B\u00e4nde f\u00fcr J\u00fcrgens Zukunftspl\u00e4ne und diese weitere MP3-Perle des charismatischen Profitrainers, Bossk aus Dortmund verr\u00e4t? Nun, letzten Sonntag, am 22. Mai, hatte die evtl. k\u00fcnftig sogar in Peak-Country lebende Kraftsport-Autorit\u00e4t jedenfalls wieder einmal den richtigen Riecher f\u00fcr einen DER Tage an J\u00fcrgens Seite.<\/p>\n<p>Von 8 bis kurz vor 10 hie\u00df es: \u201eShaolin-Style-Warmup\u201c im Freien und in unserem \u201eHauptquartier-GYM\u201c, gefolgt von einer Maximalkraft-Aktivierungseinheit. Bis 13.30 forderte die K1 Kletterhalle Dornbirn nicht nur J\u00fcrgen in seinen derzeit schwersten Kletterprojekten. Auch Bossk machte sich, erstmals via Kletterschuhe und Chalkbag, ein umfassendes Bild von einer der vielleicht bewegungstechnisch anspruchsvollsten Sportart und g\u00f6nnte sich in den Pausen z.T. die \u201ehei\u00dfesten\u201c Kapitel des Peak-Time 2 Manuskripts \u201eon Top\u201c.<\/p>\n<p>Dass, nach Mittagspause, Sportmeditation, \u201erussischem Wiedermotivationskino\u201c und direkt vor J\u00fcrgens Abendeinheit KEIN oberfl\u00e4chliches Interview das Resultat war, liegt somit wohl auf der Hand. Die Themen:<\/p>\n<ul>\n<li>Was stand die vergangenen Wochen an, wie ging J\u00fcrgen mit der Verletzung beim ersten Austria-Cup um und was solltest auch Du in einem solchen Fall beherzigen?<\/li>\n<li>Wie sieht der 39-j\u00e4hrige seine eigene Zukunft und auch die des Klettersports im Allgemeinen?<\/li>\n<li>Weshalb k\u00f6nntest auch Du in einer der evtl. attraktivsten \u201ekomplexen Kraftsportarten\u201c, also Sportklettern oder Bouldern, einen Ausgleichssport oder sogar eine \u201epositive Sucht in DEINEM Sport\u201c finden?<\/li>\n<li>Woher kommt J\u00fcrgens \u201ek\u00fchne Gelassenheit\u201c, wenn er von seiner Zukunft als Trainingszeit-Million\u00e4r, Vollprofikletterer und seinem Leben als \u201efreier, positiv beitragender Geist\u201c spricht?<\/li>\n<li>Was sind seine eigenen, konkreten Ziele abseits der Wettk\u00e4mpfe und warum wird man ihn auch in Zukunft eher \u201eTrainingslager-urlaubend\u201c, als auf einer \u201eAll inclusive Touri-Insel\u201c antreffen?<\/li>\n<\/ul>\n<p>Alle Antworten live on tape bzw. \u201eaus den \u00fcberzeugten Athletenherz-Tiefen\u201c! Unser Testh\u00f6rerfazit: Gratulation an Bossk f\u00fcr DIESE Interviewf\u00fchrung. J\u00fcrgen wurde erneut, auch f\u00fcr DEINEN Benefit, \u201epositivst aus der Reserve gelockt\u201c!<br \/>\n(Beschreibung von Powerquest.CC)<\/p>\n<ul>\n<li>Ver\u00f6ffenlicht 29.05.2016<\/li>\n<li>Folge 559 Special<\/li>\n<li>deutsch<\/li>\n<\/ul>\n","protected":false},"excerpt":{"rendered":"<p>Juergen Reis im Interview mit Bossk (Folge 559 Special) Quelle: http:\/\/download.power-quest.cc\/PQ-podcast559special.mp3 von power-quest.cc SPECIAL: 2016er-Bossk-Check IV f\u00fcr J\u00fcrgen \u2013 \u201eIch<\/p>\n","protected":false},"author":1,"featured_media":2458,"comment_status":"open","ping_status":"open","sticky":false,"template":"","format":"audio","meta":{"jetpack_post_was_ever_published":false,"footnotes":"","jetpack_publicize_message":"Podcast - 2016er-Bossk-Check IV f\u00fcr J\u00fcrgen \u2013 \u201eIch bin und bleibe ein WETT-K\u00e4mpfer!\u201c","jetpack_is_tweetstorm":false,"jetpack_publicize_feature_enabled":true,"jetpack_social_post_already_shared":true,"jetpack_social_options":[]},"categories":[25],"tags":[],"jetpack_publicize_connections":[],"jetpack_featured_media_url":"https:\/\/i0.wp.com\/www.target10a.com\/magazin\/wp-content\/uploads\/2016\/03\/podcast4-800x445.jpg?fit=1600%2C900&ssl=1","jetpack_sharing_enabled":true,"jetpack_shortlink":"https:\/\/wp.me\/p6GLnl-HO","_links":{"self":[{"href":"https:\/\/www.target10a.com\/magazin\/wp-json\/wp\/v2\/posts\/2716"}],"collection":[{"href":"https:\/\/www.target10a.com\/magazin\/wp-json\/wp\/v2\/posts"}],"about":[{"href":"https:\/\/www.target10a.com\/magazin\/wp-json\/wp\/v2\/types\/post"}],"author":[{"embeddable":true,"href":"https:\/\/www.target10a.com\/magazin\/wp-json\/wp\/v2\/users\/1"}],"replies":[{"embeddable":true,"href":"https:\/\/www.target10a.com\/magazin\/wp-json\/wp\/v2\/comments?post=2716"}],"version-history":[{"count":2,"href":"https:\/\/www.target10a.com\/magazin\/wp-json\/wp\/v2\/posts\/2716\/revisions"}],"predecessor-version":[{"id":2718,"href":"https:\/\/www.target10a.com\/magazin\/wp-json\/wp\/v2\/posts\/2716\/revisions\/2718"}],"wp:featuredmedia":[{"embeddable":true,"href":"https:\/\/www.target10a.com\/magazin\/wp-json\/wp\/v2\/media\/2458"}],"wp:attachment":[{"href":"https:\/\/www.target10a.com\/magazin\/wp-json\/wp\/v2\/media?parent=2716"}],"wp:term":[{"taxonomy":"category","embeddable":true,"href":"https:\/\/www.target10a.com\/magazin\/wp-json\/wp\/v2\/categories?post=2716"},{"taxonomy":"post_tag","embeddable":true,"href":"https:\/\/www.target10a.com\/magazin\/wp-json\/wp\/v2\/tags?post=2716"}],"curies":[{"name":"wp","href":"https:\/\/api.w.org\/{rel}","templated":true}]}}