{"id":4082,"date":"2017-05-23T21:01:56","date_gmt":"2017-05-23T19:01:56","guid":{"rendered":"https:\/\/www.target10a.com\/magazin\/?p=4082"},"modified":"2017-08-31T21:07:25","modified_gmt":"2017-08-31T19:07:25","slug":"podcast-weltcup-kletterer-und-hardcore-trainierer-max-rudigier","status":"publish","type":"post","link":"https:\/\/www.target10a.com\/magazin\/2017\/05\/23\/podcast-weltcup-kletterer-und-hardcore-trainierer-max-rudigier\/","title":{"rendered":"Podcast &#8211; Weltcup-Kletterer UND \u201eHardcore-Trainierer\u201c Max Rudigier"},"content":{"rendered":"<h4>Max Rudigier im Interview mit Juergen Reis (Folge 609)<\/h4>\n<!--[if lt IE 9]><script>document.createElement('audio');<\/script><![endif]-->\n<audio class=\"wp-audio-shortcode\" id=\"audio-4082-1\" preload=\"none\" style=\"width: 100%;\" controls=\"controls\"><source type=\"audio\/mpeg\" src=\"http:\/\/download.power-quest.cc\/PQ-podcast609.mp3?_=1\" \/><a href=\"http:\/\/download.power-quest.cc\/PQ-podcast609.mp3\">http:\/\/download.power-quest.cc\/PQ-podcast609.mp3<\/a><\/audio>\n<p>Quelle: <a href=\"http:\/\/download.power-quest.cc\/PQ-podcast609.mp3\">http:\/\/download.power-quest.cc\/PQ-podcast609.mp3<\/a> von <a href=\"http:\/\/www.power-quest.cc\/\">power-quest.cc<\/a><\/p>\n<p>Zugegeben: DIE positive Resonanz, teils auch von h\u00f6chsten Stellen, sowie die Rekord-Downloadzahlen auf <a href=\"https:\/\/www.target10a.com\/magazin\/2016\/11\/16\/podcast-weltcup-top-10-kletterer-max-rudigier-aut\/\">Max Rudigiers Premieren-Podcast in Gold-Sendung 582<\/a> \u00fcberraschten auch unser Team. Denn einerseits verk\u00f6rpert der erst 23-j\u00e4hrige, hochintelligente \u201eKletterprofi-Student\u201c zwar den Athletentraum vieler Experten. Andererseits: Weitestgehende \u201ehautschonungsbedingte Felsabstinenz\u201c, klare, auch grenzwertige Ansagen in Interviews sowie auf seiner Homepage und auch nicht unbedingt \u201ejedermanns Freund sein zu m\u00fcssen &#8230;\u201c heimsen ihm und seinem \u201eTrainer &amp; Manager-Vater\u201c Gerhard Salchegger (zu h\u00f6ren in den Gold-Podcasts 455 und 319) auch immer wieder m\u00e4chtig Kritik ein.<\/p>\n<p>Fakt ist jedoch: Mit knallharter Arbeit, oft nur an der Heimkletterwand, wie eben erw\u00e4hnt \u201enur\u201c mit dem Vater als Coach und \u201eTeammanager\u201c und von der gut 2.300 Einwohner z\u00e4hlenden Berggemeinde Eben aus, setzt er sich, fernab von Nationaltrainern, Kletterhochburgen &amp; Co., seine eigenen Ziele und erreicht diese f\u00fcr gew\u00f6hnlich auch. So wurde er 2016 zweitbester \u00d6sterreicher im IFSC-Leadweltcup und ist in diesem Podcast, der kurz vor Weihnachten entstand, auch durch die olympische Hoffnung motivierter denn je.<\/p>\n<p>Denn vom Morgenlauf \u00fcber Boulderwand und mehrst\u00fcndige Campusboardsessions, bishin zu Ausdauerboulder und der \u201eNeujahrszugabe\u201c, Klimmz\u00fcge an Lapis-Balls, Griffbalken &amp; Co &#8230; Erraten: Bis zu 9 (!) Trainingsstunden pro Tag \u2013 7 Tage die Woche \u2013 Ruhetage nur \u201eab und zu &#8230;\u201c und selbst an diesen: Halbtagswanderungen, Uni und evtl. \u201edoch noch einmal f\u00fcr 2 bis 3 Stunden an die Kletterwand &#8230;\u201c, so Max Rudigiers, in der Headline erw\u00e4hnte \u201eHard Core Trainingways\u201c.<\/p>\n<p>Wir sagen nur: Dieses Interview mit J\u00fcrgen Reis zieht alle Detailregister DER Strategien, die evtl. immer schon die absoluten Champions ausmachten! Frei nach Max Rudigiers Homepage zitiert: Vivere militare est! Inkl. Vor- und Abspann mit Proficoach Sebastian F\u00f6rster.<\/p>\n<p>(Beschreibung von Powerquest.CC)<\/p>\n<ul>\n<li>Ver\u00f6ffenlicht 23.05.2017<\/li>\n<li>Folge 609<\/li>\n<li>Deutsch<\/li>\n<\/ul>\n","protected":false},"excerpt":{"rendered":"<p>Max Rudigier im Interview mit Juergen Reis (Folge 609) Quelle: http:\/\/download.power-quest.cc\/PQ-podcast609.mp3 von power-quest.cc Zugegeben: DIE positive Resonanz, teils auch von<\/p>\n","protected":false},"author":1,"featured_media":2456,"comment_status":"open","ping_status":"open","sticky":false,"template":"","format":"audio","meta":{"jetpack_post_was_ever_published":false,"footnotes":"","jetpack_publicize_message":"Podcast - Weltcup-Kletterer UND \u201eHardcore-Trainierer\u201c Max Rudigier","jetpack_is_tweetstorm":false,"jetpack_publicize_feature_enabled":true,"jetpack_social_post_already_shared":true,"jetpack_social_options":[]},"categories":[25],"tags":[],"jetpack_publicize_connections":[],"jetpack_featured_media_url":"https:\/\/i0.wp.com\/www.target10a.com\/magazin\/wp-content\/uploads\/2016\/03\/podcast2-800x445.jpg?fit=1600%2C900&ssl=1","jetpack_sharing_enabled":true,"jetpack_shortlink":"https:\/\/wp.me\/p6GLnl-13Q","_links":{"self":[{"href":"https:\/\/www.target10a.com\/magazin\/wp-json\/wp\/v2\/posts\/4082"}],"collection":[{"href":"https:\/\/www.target10a.com\/magazin\/wp-json\/wp\/v2\/posts"}],"about":[{"href":"https:\/\/www.target10a.com\/magazin\/wp-json\/wp\/v2\/types\/post"}],"author":[{"embeddable":true,"href":"https:\/\/www.target10a.com\/magazin\/wp-json\/wp\/v2\/users\/1"}],"replies":[{"embeddable":true,"href":"https:\/\/www.target10a.com\/magazin\/wp-json\/wp\/v2\/comments?post=4082"}],"version-history":[{"count":4,"href":"https:\/\/www.target10a.com\/magazin\/wp-json\/wp\/v2\/posts\/4082\/revisions"}],"predecessor-version":[{"id":4087,"href":"https:\/\/www.target10a.com\/magazin\/wp-json\/wp\/v2\/posts\/4082\/revisions\/4087"}],"wp:featuredmedia":[{"embeddable":true,"href":"https:\/\/www.target10a.com\/magazin\/wp-json\/wp\/v2\/media\/2456"}],"wp:attachment":[{"href":"https:\/\/www.target10a.com\/magazin\/wp-json\/wp\/v2\/media?parent=4082"}],"wp:term":[{"taxonomy":"category","embeddable":true,"href":"https:\/\/www.target10a.com\/magazin\/wp-json\/wp\/v2\/categories?post=4082"},{"taxonomy":"post_tag","embeddable":true,"href":"https:\/\/www.target10a.com\/magazin\/wp-json\/wp\/v2\/tags?post=4082"}],"curies":[{"name":"wp","href":"https:\/\/api.w.org\/{rel}","templated":true}]}}