{"id":5185,"date":"2020-06-07T21:11:07","date_gmt":"2020-06-07T19:11:07","guid":{"rendered":"https:\/\/www.target10a.com\/magazin\/?p=5185"},"modified":"2020-06-09T15:10:40","modified_gmt":"2020-06-09T13:10:40","slug":"kann-man-mit-27-eigentlich-noch-so-richtig-gut-im-klettern-werden","status":"publish","type":"post","link":"https:\/\/www.target10a.com\/magazin\/2020\/06\/07\/kann-man-mit-27-eigentlich-noch-so-richtig-gut-im-klettern-werden\/","title":{"rendered":"Kann man mit 27 eigentlich noch so richtig gut im Klettern werden?"},"content":{"rendered":"\n<p>Kann man eigentlich mit 27 noch so richtig gut im Klettern werden? Genau diese Frage habe ich mir selbst, mit eben 27 Jahren als Einsteiger in das Felsklettern gestellt und es kam die Tage mal wieder eine Benutzerfrage herein, die auch ziemlich genau auf diese Frage abzielt!<\/p>\n\n\n\n<blockquote class=\"wp-block-quote is-layout-flow wp-block-quote-is-layout-flow\"><p>Auch wenn ich Klettern selbstverst\u00e4ndlich aus wesentlich mehr Gr\u00fcnden betreibe, als just wetteifernd in den Klettergraden nach oben zu wandern, bin ich sehr ehrgeizig und trainiere auch viel. Allerdings stellt sich in mir so oft die Frage: Wo kann ich eigentlich hin? Wenn mein Traum w\u00e4re, im Leben mal eine 8a zu klettern, ist dieser Traum realisierbar oder h\u00e4tte ich daf\u00fcr schon mit 6 Jahren mit dem Klettern anfangen m\u00fcssen?<\/p><cite>Userfrage<\/cite><\/blockquote>\n\n\n\n<p>Ich wei\u00df auch noch, dass sich im <a href=\"http:\/\/forum.climbing.de\/\">climbing.de Forum<\/a>, das derzeit leider offline ist, damals ebenfalls ein Thread um diese Frage drehte und die User-Beteiligung, meiner Erinnerung nach, sehr gro\u00df war. Ich kann allerdings nicht mehr sagen, was die mehrheitliche Meinung der damaligen Diskussionsteilnehmer zu dem Thema war\u2026<\/p>\n\n\n\n<figure class=\"wp-block-gallery columns-2 is-cropped wp-block-gallery-1 is-layout-flex wp-block-gallery-is-layout-flex\"><ul class=\"blocks-gallery-grid\"><li class=\"blocks-gallery-item\"><figure><a href=\"https:\/\/i0.wp.com\/www.target10a.com\/magazin\/wp-content\/uploads\/2020\/06\/P7030014-766x1024.jpg?ssl=1\"><img loading=\"lazy\" decoding=\"async\" width=\"766\" height=\"1024\" src=\"https:\/\/i0.wp.com\/www.target10a.com\/magazin\/wp-content\/uploads\/2020\/06\/P7030014.jpg?resize=766%2C1024&#038;ssl=1\" alt=\"Meine Anf\u00e4nge im Jahr 2007: 4er Platte in Burglesau\" data-id=\"5195\" data-link=\"https:\/\/www.target10a.com\/magazin\/?attachment_id=5195\" class=\"wp-image-5195\" srcset=\"https:\/\/i0.wp.com\/www.target10a.com\/magazin\/wp-content\/uploads\/2020\/06\/P7030014.jpg?resize=766%2C1024&amp;ssl=1 766w, https:\/\/i0.wp.com\/www.target10a.com\/magazin\/wp-content\/uploads\/2020\/06\/P7030014.jpg?resize=224%2C300&amp;ssl=1 224w, https:\/\/i0.wp.com\/www.target10a.com\/magazin\/wp-content\/uploads\/2020\/06\/P7030014.jpg?resize=768%2C1026&amp;ssl=1 768w, https:\/\/i0.wp.com\/www.target10a.com\/magazin\/wp-content\/uploads\/2020\/06\/P7030014.jpg?w=1712&amp;ssl=1 1712w, https:\/\/i0.wp.com\/www.target10a.com\/magazin\/wp-content\/uploads\/2020\/06\/P7030014.jpg?w=1600&amp;ssl=1 1600w\" sizes=\"(max-width: 766px) 100vw, 766px\" data-recalc-dims=\"1\" \/><\/a><figcaption class=\"blocks-gallery-item__caption\">Meine Anf\u00e4nge im Jahr 2007: 4er Platte in Burglesau<\/figcaption><\/figure><\/li><li class=\"blocks-gallery-item\"><figure><a href=\"https:\/\/i0.wp.com\/www.target10a.com\/magazin\/wp-content\/uploads\/2020\/06\/P7030039-766x1024.jpg?ssl=1\"><img loading=\"lazy\" decoding=\"async\" width=\"766\" height=\"1024\" src=\"https:\/\/i0.wp.com\/www.target10a.com\/magazin\/wp-content\/uploads\/2020\/06\/P7030039.jpg?resize=766%2C1024&#038;ssl=1\" alt=\"Meine Anf\u00e4nge im Jahr 2007: 5er Schulterriss in Burglesau\" data-id=\"5196\" data-link=\"https:\/\/www.target10a.com\/magazin\/?attachment_id=5196\" class=\"wp-image-5196\" srcset=\"https:\/\/i0.wp.com\/www.target10a.com\/magazin\/wp-content\/uploads\/2020\/06\/P7030039.jpg?resize=766%2C1024&amp;ssl=1 766w, https:\/\/i0.wp.com\/www.target10a.com\/magazin\/wp-content\/uploads\/2020\/06\/P7030039.jpg?resize=224%2C300&amp;ssl=1 224w, https:\/\/i0.wp.com\/www.target10a.com\/magazin\/wp-content\/uploads\/2020\/06\/P7030039.jpg?resize=768%2C1026&amp;ssl=1 768w, https:\/\/i0.wp.com\/www.target10a.com\/magazin\/wp-content\/uploads\/2020\/06\/P7030039.jpg?w=1712&amp;ssl=1 1712w, https:\/\/i0.wp.com\/www.target10a.com\/magazin\/wp-content\/uploads\/2020\/06\/P7030039.jpg?w=1600&amp;ssl=1 1600w\" sizes=\"(max-width: 766px) 100vw, 766px\" data-recalc-dims=\"1\" \/><\/a><figcaption class=\"blocks-gallery-item__caption\">Meine Anf\u00e4nge im Jahr 2007: 5er Schulterriss in Burglesau<\/figcaption><\/figure><\/li><\/ul><\/figure>\n\n\n\n<p>Wie dem auch sei, es scheint f\u00fcr viele Quer- oder Sp\u00e4teinsteiger in den Klettersport einfach eine interessante Frage zu sein, was denn noch so geht, wenn man die n\u00e4chsten Jahre noch einmal 100% Gas gibt und das Klettern\/Boulder als Leistungssport betreibt!<\/p>\n\n\n\n<p>Zun\u00e4chst mal ist die Frage\u2013 was hei\u00dft denn eigentlich \u201erichtig gut\u201c im Klettern zu werden? Das ist sicherlich ein dehnbarer Begriff, aber der Fragesteller meinte damit konkret, ob eine 8a (also 10- nach der UIAA Skala) noch realisierbar ist, oder ob er daf\u00fcr schon mit 6 Jahren das Klettern h\u00e4tte beginnen m\u00fcssen!<\/p>\n\n\n\n<figure class=\"wp-block-gallery columns-2 is-cropped wp-block-gallery-2 is-layout-flex wp-block-gallery-is-layout-flex\"><ul class=\"blocks-gallery-grid\"><li class=\"blocks-gallery-item\"><figure><a href=\"https:\/\/i0.wp.com\/www.target10a.com\/magazin\/wp-content\/uploads\/2020\/06\/IMG_7677-768x1024.jpg?ssl=1\"><img loading=\"lazy\" decoding=\"async\" width=\"768\" height=\"1024\" src=\"https:\/\/i0.wp.com\/www.target10a.com\/magazin\/wp-content\/uploads\/2020\/06\/IMG_7677.jpg?resize=768%2C1024&#038;ssl=1\" alt=\"Kletterjahr 2 im Jahr 2008: Geierwand in Kleinziegenfeld\" data-id=\"5199\" data-link=\"https:\/\/www.target10a.com\/magazin\/img_7677\/\" class=\"wp-image-5199\" srcset=\"https:\/\/i0.wp.com\/www.target10a.com\/magazin\/wp-content\/uploads\/2020\/06\/IMG_7677.jpg?resize=768%2C1024&amp;ssl=1 768w, https:\/\/i0.wp.com\/www.target10a.com\/magazin\/wp-content\/uploads\/2020\/06\/IMG_7677.jpg?resize=225%2C300&amp;ssl=1 225w, https:\/\/i0.wp.com\/www.target10a.com\/magazin\/wp-content\/uploads\/2020\/06\/IMG_7677.jpg?w=1200&amp;ssl=1 1200w\" sizes=\"(max-width: 768px) 100vw, 768px\" data-recalc-dims=\"1\" \/><\/a><figcaption class=\"blocks-gallery-item__caption\">Kletterjahr 2 im Jahr 2008: Geierwand in Kleinziegenfeld<\/figcaption><\/figure><\/li><li class=\"blocks-gallery-item\"><figure><a href=\"https:\/\/i0.wp.com\/www.target10a.com\/magazin\/wp-content\/uploads\/2020\/06\/IMG_7678-768x1024.jpg?ssl=1\"><img loading=\"lazy\" decoding=\"async\" width=\"768\" height=\"1024\" src=\"https:\/\/i0.wp.com\/www.target10a.com\/magazin\/wp-content\/uploads\/2020\/06\/IMG_7678.jpg?resize=768%2C1024&#038;ssl=1\" alt=\"Kletterjahr 2 im Jahr 2008: Geierwand in Kleinziegenfeld\" data-id=\"5198\" data-link=\"https:\/\/www.target10a.com\/magazin\/img_7678\/\" class=\"wp-image-5198\" srcset=\"https:\/\/i0.wp.com\/www.target10a.com\/magazin\/wp-content\/uploads\/2020\/06\/IMG_7678.jpg?resize=768%2C1024&amp;ssl=1 768w, https:\/\/i0.wp.com\/www.target10a.com\/magazin\/wp-content\/uploads\/2020\/06\/IMG_7678.jpg?resize=225%2C300&amp;ssl=1 225w, https:\/\/i0.wp.com\/www.target10a.com\/magazin\/wp-content\/uploads\/2020\/06\/IMG_7678.jpg?w=1200&amp;ssl=1 1200w\" sizes=\"(max-width: 768px) 100vw, 768px\" data-recalc-dims=\"1\" \/><\/a><figcaption class=\"blocks-gallery-item__caption\">Kletterjahr 2 im Jahr 2008: Geierwand in Kleinziegenfeld<\/figcaption><\/figure><\/li><\/ul><\/figure>\n\n\n\n<p>Ich f\u00fcr meinen Teil habe mir da \u00e4hnliche Ziele vor mittlerweile 13 Jahren vorgestellt, konkret haben mich die zweistellig bewerteten Touren im Schwertner-F\u00fchrer in ihren Bann gezogen und einfach eine gewisse Magie ausgestrahlt, wobei ich pers\u00f6nlich damals eine Tour mit 11- als ultimatives Kletterziel als Traum gehabt habe, aber ob das eben auch noch realistisch sein kann, dar\u00fcber habe ich mir des \u00f6fteren Gedanken gemacht\u2026<\/p>\n\n\n\n<figure class=\"wp-block-image\"><a href=\"https:\/\/i0.wp.com\/www.target10a.com\/magazin\/wp-content\/uploads\/2020\/06\/20200604_100504-01.jpeg?ssl=1\"><img loading=\"lazy\" decoding=\"async\" width=\"800\" height=\"600\" src=\"https:\/\/i0.wp.com\/www.target10a.com\/magazin\/wp-content\/uploads\/2020\/06\/20200604_100504-01.jpeg?resize=800%2C600&#038;ssl=1\" alt=\"Schwertner-F\u00fchrer Frankenjura: Wo Tr\u00e4ume gemacht werden\" class=\"wp-image-5200\" srcset=\"https:\/\/i0.wp.com\/www.target10a.com\/magazin\/wp-content\/uploads\/2020\/06\/20200604_100504-01.jpeg?resize=1024%2C768&amp;ssl=1 1024w, https:\/\/i0.wp.com\/www.target10a.com\/magazin\/wp-content\/uploads\/2020\/06\/20200604_100504-01.jpeg?resize=300%2C225&amp;ssl=1 300w, https:\/\/i0.wp.com\/www.target10a.com\/magazin\/wp-content\/uploads\/2020\/06\/20200604_100504-01.jpeg?resize=768%2C576&amp;ssl=1 768w, https:\/\/i0.wp.com\/www.target10a.com\/magazin\/wp-content\/uploads\/2020\/06\/20200604_100504-01.jpeg?w=1600&amp;ssl=1 1600w, https:\/\/i0.wp.com\/www.target10a.com\/magazin\/wp-content\/uploads\/2020\/06\/20200604_100504-01.jpeg?w=2400&amp;ssl=1 2400w\" sizes=\"(max-width: 800px) 100vw, 800px\" data-recalc-dims=\"1\" \/><\/a><figcaption>Schwertner-F\u00fchrer Frankenjura: Wo Tr\u00e4ume gemacht werden<\/figcaption><\/figure>\n\n\n\n<p>Mit anderen Kletterern aus dem Frankenjura diese Frage zu diskutieren, war zumindest zur damaligen Zeit mit vielen eher zwecklos, da in Schwierigkeitsgraden zu denken, oder sogar Routen gezielt nach dem Schwierigkeitsgrad auszuw\u00e4hlen, eher verp\u00f6nt war. Bei vielen herrschte damals eine Einstellung nach dem Motto \u201eKlettere Routen und keine Schwierigkeitsgrade\u201c.<\/p>\n\n\n\n<figure class=\"wp-block-gallery columns-2 is-cropped wp-block-gallery-3 is-layout-flex wp-block-gallery-is-layout-flex\"><ul class=\"blocks-gallery-grid\"><li class=\"blocks-gallery-item\"><figure><a href=\"https:\/\/i0.wp.com\/www.target10a.com\/magazin\/wp-content\/uploads\/2020\/06\/IMG_0005-01-1024x768.jpeg?ssl=1\"><img loading=\"lazy\" decoding=\"async\" width=\"800\" height=\"600\" src=\"https:\/\/i0.wp.com\/www.target10a.com\/magazin\/wp-content\/uploads\/2020\/06\/IMG_0005-01.jpeg?resize=800%2C600&#038;ssl=1\" alt=\"Hochbetrieb an der Silberwand im Paradiestal\" data-id=\"5201\" data-link=\"https:\/\/www.target10a.com\/magazin\/?attachment_id=5201\" class=\"wp-image-5201\" srcset=\"https:\/\/i0.wp.com\/www.target10a.com\/magazin\/wp-content\/uploads\/2020\/06\/IMG_0005-01.jpeg?resize=1024%2C768&amp;ssl=1 1024w, https:\/\/i0.wp.com\/www.target10a.com\/magazin\/wp-content\/uploads\/2020\/06\/IMG_0005-01.jpeg?resize=300%2C225&amp;ssl=1 300w, https:\/\/i0.wp.com\/www.target10a.com\/magazin\/wp-content\/uploads\/2020\/06\/IMG_0005-01.jpeg?resize=768%2C576&amp;ssl=1 768w, https:\/\/i0.wp.com\/www.target10a.com\/magazin\/wp-content\/uploads\/2020\/06\/IMG_0005-01.jpeg?w=1600&amp;ssl=1 1600w, https:\/\/i0.wp.com\/www.target10a.com\/magazin\/wp-content\/uploads\/2020\/06\/IMG_0005-01.jpeg?w=2400&amp;ssl=1 2400w\" sizes=\"(max-width: 800px) 100vw, 800px\" data-recalc-dims=\"1\" \/><\/a><figcaption class=\"blocks-gallery-item__caption\">Hochbetrieb an der Silberwand im Paradiestal<\/figcaption><\/figure><\/li><li class=\"blocks-gallery-item\"><figure><a href=\"https:\/\/i0.wp.com\/www.target10a.com\/magazin\/wp-content\/uploads\/2020\/06\/IMG_0006-01-1024x768.jpeg?ssl=1\"><img loading=\"lazy\" decoding=\"async\" width=\"800\" height=\"600\" src=\"https:\/\/i0.wp.com\/www.target10a.com\/magazin\/wp-content\/uploads\/2020\/06\/IMG_0006-01.jpeg?resize=800%2C600&#038;ssl=1\" alt=\"Hochbetrieb an der Silberwand im Paradiestal\" data-id=\"5202\" data-link=\"https:\/\/www.target10a.com\/magazin\/?attachment_id=5202\" class=\"wp-image-5202\" srcset=\"https:\/\/i0.wp.com\/www.target10a.com\/magazin\/wp-content\/uploads\/2020\/06\/IMG_0006-01.jpeg?resize=1024%2C768&amp;ssl=1 1024w, https:\/\/i0.wp.com\/www.target10a.com\/magazin\/wp-content\/uploads\/2020\/06\/IMG_0006-01.jpeg?resize=300%2C225&amp;ssl=1 300w, https:\/\/i0.wp.com\/www.target10a.com\/magazin\/wp-content\/uploads\/2020\/06\/IMG_0006-01.jpeg?resize=768%2C576&amp;ssl=1 768w, https:\/\/i0.wp.com\/www.target10a.com\/magazin\/wp-content\/uploads\/2020\/06\/IMG_0006-01.jpeg?w=1600&amp;ssl=1 1600w, https:\/\/i0.wp.com\/www.target10a.com\/magazin\/wp-content\/uploads\/2020\/06\/IMG_0006-01.jpeg?w=2400&amp;ssl=1 2400w\" sizes=\"(max-width: 800px) 100vw, 800px\" data-recalc-dims=\"1\" \/><\/a><figcaption class=\"blocks-gallery-item__caption\">Hochbetrieb an der Silberwand im Paradiestal<\/figcaption><\/figure><\/li><\/ul><\/figure>\n\n\n\n<p>Allerdings hatte ich in einer Klettergruppe, auf die ich zur damaligen Zeit stie\u00df, schon gleich erleben d\u00fcrfen, was m\u00f6glich ist: Mein Schulkamerad Florian Nestmann, der das Klettern auch erst mit 26 Jahren startete, konnte in weniger als einem Jahr mit dem <a href=\"https:\/\/www.frankenjura.com\/frankenjura\/poi\/2353\">Lochverst\u00e4rker<\/a> an der <a href=\"https:\/\/www.frankenjura.com\/klettern\/poi\/116\">Kuhkirchner Wand<\/a> eine Tour im Grad 9+ klettern!<\/p>\n\n\n\n<p>Dieser Flo Nestmann ist \u00fcbrigens mittlerweile auch der Gesch\u00e4ftsf\u00fchrer der Firma <a href=\"https:\/\/www.neprosport.de\/\">Nepro Sport<\/a>, die auch f\u00fcr den Klettersport Nahrungserg\u00e4nzungsmittel entwickeln und vertreiben!<\/p>\n\n\n\n<figure class=\"wp-block-gallery columns-2 is-cropped wp-block-gallery-4 is-layout-flex wp-block-gallery-is-layout-flex\"><ul class=\"blocks-gallery-grid\"><li class=\"blocks-gallery-item\"><figure><a href=\"https:\/\/i0.wp.com\/www.target10a.com\/magazin\/wp-content\/uploads\/2020\/06\/Rope-Dope-Flo-Nestmann-2-1024x649.png?ssl=1\"><img loading=\"lazy\" decoding=\"async\" width=\"800\" height=\"507\" src=\"https:\/\/i0.wp.com\/www.target10a.com\/magazin\/wp-content\/uploads\/2020\/06\/Rope-Dope-Flo-Nestmann-2.png?resize=800%2C507&#038;ssl=1\" alt=\"Florain Nestmann auf rope-dope.de\" data-id=\"5204\" data-link=\"https:\/\/www.target10a.com\/magazin\/?attachment_id=5204\" class=\"wp-image-5204\" srcset=\"https:\/\/i0.wp.com\/www.target10a.com\/magazin\/wp-content\/uploads\/2020\/06\/Rope-Dope-Flo-Nestmann-2.png?resize=1024%2C649&amp;ssl=1 1024w, https:\/\/i0.wp.com\/www.target10a.com\/magazin\/wp-content\/uploads\/2020\/06\/Rope-Dope-Flo-Nestmann-2.png?resize=300%2C190&amp;ssl=1 300w, https:\/\/i0.wp.com\/www.target10a.com\/magazin\/wp-content\/uploads\/2020\/06\/Rope-Dope-Flo-Nestmann-2.png?resize=768%2C487&amp;ssl=1 768w, https:\/\/i0.wp.com\/www.target10a.com\/magazin\/wp-content\/uploads\/2020\/06\/Rope-Dope-Flo-Nestmann-2.png?w=1292&amp;ssl=1 1292w\" sizes=\"(max-width: 800px) 100vw, 800px\" data-recalc-dims=\"1\" \/><\/a><figcaption class=\"blocks-gallery-item__caption\">Florain Nestmann auf rope-dope.de<\/figcaption><\/figure><\/li><li class=\"blocks-gallery-item\"><figure><a href=\"https:\/\/i0.wp.com\/www.target10a.com\/magazin\/wp-content\/uploads\/2020\/06\/neprosport-1-1024x576.jpg?ssl=1\"><img loading=\"lazy\" decoding=\"async\" width=\"800\" height=\"450\" src=\"https:\/\/i0.wp.com\/www.target10a.com\/magazin\/wp-content\/uploads\/2020\/06\/neprosport-1.jpg?resize=800%2C450&#038;ssl=1\" alt=\"Florians Firma Neprosport\" data-id=\"5205\" data-link=\"https:\/\/www.target10a.com\/magazin\/?attachment_id=5205\" class=\"wp-image-5205\" srcset=\"https:\/\/i0.wp.com\/www.target10a.com\/magazin\/wp-content\/uploads\/2020\/06\/neprosport-1.jpg?resize=1024%2C576&amp;ssl=1 1024w, https:\/\/i0.wp.com\/www.target10a.com\/magazin\/wp-content\/uploads\/2020\/06\/neprosport-1.jpg?resize=300%2C169&amp;ssl=1 300w, https:\/\/i0.wp.com\/www.target10a.com\/magazin\/wp-content\/uploads\/2020\/06\/neprosport-1.jpg?resize=768%2C432&amp;ssl=1 768w, https:\/\/i0.wp.com\/www.target10a.com\/magazin\/wp-content\/uploads\/2020\/06\/neprosport-1.jpg?w=1648&amp;ssl=1 1648w\" sizes=\"(max-width: 800px) 100vw, 800px\" data-recalc-dims=\"1\" \/><\/a><figcaption class=\"blocks-gallery-item__caption\">Florians Firma Neprosport<\/figcaption><\/figure><\/li><\/ul><\/figure>\n\n\n\n<p>Eine sehr respektable Leistung also, die der Florian damals abgelegt hat und die mir Inspiration aber auch Ziel zu gleich war. Auch ich konnte ich innerhalb des ersten Kletterjahres diese Route und damit bis in den Grad 9+ klettern!<\/p>\n\n\n\n<p>Nur wenige Monate sp\u00e4ter gelang mir dann auch mit dem Durchstieg von <a href=\"https:\/\/www.frankenjura.com\/frankenjura\/poi\/2352\">Fingerfood<\/a>, ebenfalls an der Kuhkirchner Wand, die erste 10-.<\/p>\n\n\n\n<figure class=\"wp-block-gallery columns-2 is-cropped wp-block-gallery-5 is-layout-flex wp-block-gallery-is-layout-flex\"><ul class=\"blocks-gallery-grid\"><li class=\"blocks-gallery-item\"><figure><a href=\"https:\/\/i0.wp.com\/www.target10a.com\/magazin\/wp-content\/uploads\/2020\/06\/BILD0627-768x1024.jpg?ssl=1\"><img loading=\"lazy\" decoding=\"async\" width=\"768\" height=\"1024\" src=\"https:\/\/i0.wp.com\/www.target10a.com\/magazin\/wp-content\/uploads\/2020\/06\/BILD0627.jpg?resize=768%2C1024&#038;ssl=1\" alt=\"Lochverst\u00e4rker 9+ an der Kuhkirchner Wand\" data-id=\"5206\" data-link=\"https:\/\/www.target10a.com\/magazin\/?attachment_id=5206\" class=\"wp-image-5206\" srcset=\"https:\/\/i0.wp.com\/www.target10a.com\/magazin\/wp-content\/uploads\/2020\/06\/BILD0627.jpg?resize=768%2C1024&amp;ssl=1 768w, https:\/\/i0.wp.com\/www.target10a.com\/magazin\/wp-content\/uploads\/2020\/06\/BILD0627.jpg?resize=225%2C300&amp;ssl=1 225w, https:\/\/i0.wp.com\/www.target10a.com\/magazin\/wp-content\/uploads\/2020\/06\/BILD0627.jpg?w=1600&amp;ssl=1 1600w\" sizes=\"(max-width: 768px) 100vw, 768px\" data-recalc-dims=\"1\" \/><\/a><figcaption class=\"blocks-gallery-item__caption\">Lochverst\u00e4rker 9+ an der Kuhkirchner Wand<\/figcaption><\/figure><\/li><li class=\"blocks-gallery-item\"><figure><a href=\"https:\/\/i0.wp.com\/www.target10a.com\/magazin\/wp-content\/uploads\/2020\/06\/IMG_6612-1024x768.jpg?ssl=1\"><img loading=\"lazy\" decoding=\"async\" width=\"800\" height=\"600\" src=\"https:\/\/i0.wp.com\/www.target10a.com\/magazin\/wp-content\/uploads\/2020\/06\/IMG_6612.jpg?resize=800%2C600&#038;ssl=1\" alt=\"Fingerfood 10- an der Kuhkirchner Wand\" data-id=\"5207\" data-link=\"https:\/\/www.target10a.com\/magazin\/?attachment_id=5207\" class=\"wp-image-5207\" srcset=\"https:\/\/i0.wp.com\/www.target10a.com\/magazin\/wp-content\/uploads\/2020\/06\/IMG_6612.jpg?resize=1024%2C768&amp;ssl=1 1024w, https:\/\/i0.wp.com\/www.target10a.com\/magazin\/wp-content\/uploads\/2020\/06\/IMG_6612.jpg?resize=300%2C225&amp;ssl=1 300w, https:\/\/i0.wp.com\/www.target10a.com\/magazin\/wp-content\/uploads\/2020\/06\/IMG_6612.jpg?resize=768%2C576&amp;ssl=1 768w, https:\/\/i0.wp.com\/www.target10a.com\/magazin\/wp-content\/uploads\/2020\/06\/IMG_6612.jpg?w=2048&amp;ssl=1 2048w, https:\/\/i0.wp.com\/www.target10a.com\/magazin\/wp-content\/uploads\/2020\/06\/IMG_6612.jpg?w=1600&amp;ssl=1 1600w\" sizes=\"(max-width: 800px) 100vw, 800px\" data-recalc-dims=\"1\" \/><\/a><figcaption class=\"blocks-gallery-item__caption\">Fingerfood 10- an der Kuhkirchner Wand<\/figcaption><\/figure><\/li><\/ul><\/figure>\n\n\n\n<p>Danach ging es etwas langsamer voran und ich merkte, dass ich mit ausschlie\u00dflich Klettern gehen nicht mehr so schnell weiter kam und machte mir die ersten Gedanken \u00fcber gezieltes Training.<\/p>\n\n\n\n<p>Ich denke im Jahr 2012, also mit 32 Jahren und nach 5 Jahren klettern, konnte ich den ersten glatten 10er durchsteigen und mit 35 Jahren im Jahr 2015 die erste und bis jetzt auch einzige 11-, n\u00e4mlich den <a href=\"https:\/\/www.frankenjura.com\/klettern\/poi\/11601\">Intercooler<\/a> an der <a href=\"https:\/\/www.frankenjura.com\/klettern\/poi\/1313\">Kalten Wand<\/a>.<\/p>\n\n\n\n<figure class=\"wp-block-image\"><a href=\"https:\/\/i0.wp.com\/www.target10a.com\/magazin\/wp-content\/uploads\/2015\/06\/4_800x445.jpg?ssl=1\"><img loading=\"lazy\" decoding=\"async\" width=\"800\" height=\"445\" src=\"https:\/\/i0.wp.com\/www.target10a.com\/magazin\/wp-content\/uploads\/2015\/06\/4_800x445.jpg?resize=800%2C445&#038;ssl=1\" alt=\"Intercooler 11- an der Kalten Wand\" class=\"wp-image-100\" srcset=\"https:\/\/i0.wp.com\/www.target10a.com\/magazin\/wp-content\/uploads\/2015\/06\/4_800x445.jpg?w=800&amp;ssl=1 800w, https:\/\/i0.wp.com\/www.target10a.com\/magazin\/wp-content\/uploads\/2015\/06\/4_800x445.jpg?resize=300%2C167&amp;ssl=1 300w\" sizes=\"(max-width: 800px) 100vw, 800px\" data-recalc-dims=\"1\" \/><\/a><figcaption>Intercooler 11- an der Kalten Wand<\/figcaption><\/figure>\n\n\n\n<p>Neben dem Florian Nestmann und mir gibt es sicherlich auch weitere Sp\u00e4teinsteiger in den Klettersport, die gleiche, oder sogar noch gr\u00f6\u00dfere Leistungssteigerungen vorzuweisen haben. Ich glaube mich an einem Amerikaner in den einschl\u00e4gigen Klettermedien zu erinnern, der innerhalb eines Jahres eine 10+ klettern konnte\u2026<\/p>\n\n\n\n<p>Ich muss aber auch dazu sagen, dass es f\u00fcr mich pers\u00f6nlich schon ein harter Kampf mit den Touren war, und immer tagelanges projektieren und mehrere Durchstiegsversuche von N\u00f6ten waren, bis es mit dem einen Durchstieg geklappt hat. Also gar nicht zu vergleichen mit wirklichen Top-Kletterern, die eine 11- mal eben so als Aufw\u00e4rmtour im ersten Versuch mitnehmen!<\/p>\n\n\n\n<p>Aber f\u00fcr mich pers\u00f6nlich waren es immer klasse Erlebnisse und eine gewisse Genugtuung, die Durchstiege sp\u00e4ter, gerade aber auch durch zielgerichtetes Training erreicht zu haben!<\/p>\n\n\n\n<p>Nun m\u00f6chte ich im weiteren Teil des Beitrags noch darauf eingehen, ob das f\u00fcr jeden m\u00f6glich ist und ob man vielleicht sogar behaupten kann, dass jeder eine 8a oder 10-  klettern kann!?<\/p>\n\n\n\n<p>Dazu muss ich sagen, dass sowohl der Florian Nestmann, als auch ich, mit 26 bzw. 27 Jahren nicht eben erst mit dem Sport generell angefangen haben, sondern dass wir beide in den Jahren davor auch schon intensiv Sport getrieben haben. Vom Florian wei\u00df ich, dass er neben der Mittelstrecke in der Leichtathletik vor allem extrem viel Rad gefahren ist.<\/p>\n\n\n\n<figure class=\"wp-block-image\"><a href=\"https:\/\/i0.wp.com\/www.target10a.com\/magazin\/wp-content\/uploads\/2020\/06\/FN-Ninja-Warrior.jpg?ssl=1\"><img loading=\"lazy\" decoding=\"async\" width=\"800\" height=\"383\" src=\"https:\/\/i0.wp.com\/www.target10a.com\/magazin\/wp-content\/uploads\/2020\/06\/FN-Ninja-Warrior.jpg?resize=800%2C383&#038;ssl=1\" alt=\"Florian Nestmann - mittlerweile auch als Ninja Warrior unterwegs\" class=\"wp-image-5209\" srcset=\"https:\/\/i0.wp.com\/www.target10a.com\/magazin\/wp-content\/uploads\/2020\/06\/FN-Ninja-Warrior.jpg?resize=1024%2C490&amp;ssl=1 1024w, https:\/\/i0.wp.com\/www.target10a.com\/magazin\/wp-content\/uploads\/2020\/06\/FN-Ninja-Warrior.jpg?resize=300%2C144&amp;ssl=1 300w, https:\/\/i0.wp.com\/www.target10a.com\/magazin\/wp-content\/uploads\/2020\/06\/FN-Ninja-Warrior.jpg?resize=768%2C368&amp;ssl=1 768w, https:\/\/i0.wp.com\/www.target10a.com\/magazin\/wp-content\/uploads\/2020\/06\/FN-Ninja-Warrior.jpg?w=1470&amp;ssl=1 1470w\" sizes=\"(max-width: 800px) 100vw, 800px\" data-recalc-dims=\"1\" \/><\/a><figcaption>Florian Nestmann &#8211; mittlerweile auch als Ninja Warrior unterwegs<\/figcaption><\/figure>\n\n\n\n<p>Ich habe davor Leichtathletik und im speziellem Stabhochsprung leistungsm\u00e4\u00dfig betrieben. Wir beide hatten also eine gewisse Sportlichkeit und Athletik, ehe wir uns dann beide f\u00fcr einige Jahre voll dem Klettersport verschrieben haben!<\/p>\n\n\n\n<div class=\"wp-block-image\"><figure class=\"alignright\"><a href=\"https:\/\/i0.wp.com\/www.target10a.com\/magazin\/wp-content\/uploads\/2020\/06\/VoelkerChristoph1.jpg?ssl=1\"><img loading=\"lazy\" decoding=\"async\" width=\"192\" height=\"300\" src=\"https:\/\/i0.wp.com\/www.target10a.com\/magazin\/wp-content\/uploads\/2020\/06\/VoelkerChristoph1.jpg?resize=192%2C300&#038;ssl=1\" alt=\"Damals als Stabhochspringer\" class=\"wp-image-5210\" srcset=\"https:\/\/i0.wp.com\/www.target10a.com\/magazin\/wp-content\/uploads\/2020\/06\/VoelkerChristoph1.jpg?resize=192%2C300&amp;ssl=1 192w, https:\/\/i0.wp.com\/www.target10a.com\/magazin\/wp-content\/uploads\/2020\/06\/VoelkerChristoph1.jpg?resize=768%2C1199&amp;ssl=1 768w, https:\/\/i0.wp.com\/www.target10a.com\/magazin\/wp-content\/uploads\/2020\/06\/VoelkerChristoph1.jpg?resize=656%2C1024&amp;ssl=1 656w, https:\/\/i0.wp.com\/www.target10a.com\/magazin\/wp-content\/uploads\/2020\/06\/VoelkerChristoph1.jpg?w=1422&amp;ssl=1 1422w\" sizes=\"(max-width: 192px) 100vw, 192px\" data-recalc-dims=\"1\" \/><\/a><figcaption>Damals als Stabhochspringer<\/figcaption><\/figure><\/div>\n\n\n\n<p>Mein Talent f\u00fcrs Klettern w\u00fcrde ich dabei selbst als teilweise gut bis eher mittelm\u00e4\u00dfig einsch\u00e4tzen: Was mich auszeichnet, sind eine schon immer sehr gute Athletik, K\u00f6rperspannung und Explosivkraft, ich bin dabei meiner Einsch\u00e4tzung nach aber tendenziell etwas zu schwer gebaut und habe als Schw\u00e4che die Fingerkraft, da meiner Vermutung nach die <a href=\"https:\/\/www.target10a.com\/magazin\/2019\/12\/01\/adam-ondra-was-ist-der-beste-koerpertyp-fuers-klettern\/\">Hebelverh\u00e4ltnisse meiner Finger und Sehnenans\u00e4tze<\/a> eher suboptimal sind. Vermutlich konnte ich auch deswegen mit Griffbretttraining relativ viel erreichen. Meine Klettertechnik w\u00fcrde ich f\u00fcr das Rotpunktklettern und f\u00fcr den jeweiligen Leistungsbereich als ganz gut einsch\u00e4tzen!<\/p>\n\n\n\n<p>Was dann im Endeffekt zu meinen pers\u00f6nlichen Bestleistungen gef\u00fchrt hat war, dass ich mich auf so vielen Bereichen wie m\u00f6glich versucht habe zu entwickeln: So habe ich z.B. eine sehr gute <a href=\"https:\/\/www.target10a.com\/magazin\/2017\/10\/17\/video-ein-typisches-beweglichkeitstraining-fuers-klettern\/\">Beweglichkeit<\/a> durch regelm\u00e4\u00dfiges Training erreicht, hab auch meine St\u00e4rken durch das Training an der <a href=\"https:\/\/www.target10a.com\/magazin\/2018\/02\/11\/video-die-klimmzugstange-trainingstool-nr-1-fuer-kletterer-und-boulderer\/\">Klimmzugstange<\/a>, <a href=\"https:\/\/www.target10a.com\/magazin\/2015\/07\/30\/sprossenwand-uebersicht\/\">Sprossenwand<\/a> und Co. weiter entwickelt, und eben meine Schw\u00e4che, die Fingerkraft durch gezieltes <a href=\"https:\/\/www.target10a.com\/magazin\/2018\/01\/28\/video-eine-typische-maximalkraft-session-am-trainingsboard\/\">Griffbretttraining<\/a> optimiert.<\/p>\n\n\n\n<p>Ganz am Ende habe ich f\u00fcr den Durchstieg der 11- sogar mit einer Di\u00e4t noch mein K\u00f6rpergewicht von durchschnittlich 77Kg auf 71Kg zeitweise reduziert, was sicherlich das letzte Puzzleteil f\u00fcr den Durchstieg einer 11- war.<\/p>\n\n\n\n<figure class=\"wp-block-image\"><a href=\"https:\/\/i0.wp.com\/www.target10a.com\/magazin\/wp-content\/uploads\/2019\/12\/P1080885-01.jpeg?ssl=1\"><img loading=\"lazy\" decoding=\"async\" width=\"800\" height=\"600\" src=\"https:\/\/i0.wp.com\/www.target10a.com\/magazin\/wp-content\/uploads\/2019\/12\/P1080885-01.jpeg?resize=800%2C600&#038;ssl=1\" alt=\"Mir pers\u00f6nlich hilft es enorm, ein paar Kilos weniger auf die Waage zu bringen\" class=\"wp-image-5027\" srcset=\"https:\/\/i0.wp.com\/www.target10a.com\/magazin\/wp-content\/uploads\/2019\/12\/P1080885-01.jpeg?resize=1024%2C768&amp;ssl=1 1024w, https:\/\/i0.wp.com\/www.target10a.com\/magazin\/wp-content\/uploads\/2019\/12\/P1080885-01.jpeg?resize=300%2C225&amp;ssl=1 300w, https:\/\/i0.wp.com\/www.target10a.com\/magazin\/wp-content\/uploads\/2019\/12\/P1080885-01.jpeg?resize=768%2C576&amp;ssl=1 768w, https:\/\/i0.wp.com\/www.target10a.com\/magazin\/wp-content\/uploads\/2019\/12\/P1080885-01.jpeg?w=1600&amp;ssl=1 1600w, https:\/\/i0.wp.com\/www.target10a.com\/magazin\/wp-content\/uploads\/2019\/12\/P1080885-01.jpeg?w=2400&amp;ssl=1 2400w\" sizes=\"(max-width: 800px) 100vw, 800px\" data-recalc-dims=\"1\" \/><\/a><figcaption>Mir pers\u00f6nlich hilft es enorm, ein paar Kilos weniger auf die Waage zu bringen<\/figcaption><\/figure>\n\n\n\n<p>Aber um noch mal auf die Ausgangsfrage zur\u00fcckzukommen: Ist es denn generell m\u00f6glich, sagen wir mal zumindest f\u00fcr 90% der sp\u00e4ten Klettereinsteiger noch irgendwann eine 8a bzw. 10- klettern zu k\u00f6nnen? Also auch f\u00fcr die, die nicht aus anderen Sportarten schon gewisse Grundlagen mitbringen? Oder f\u00fcr Leute, die nicht mit einer au\u00dfergew\u00f6hnlichen Genetik und Veranlagung gesegnet sind?<\/p>\n\n\n\n<p>Ich denke ja! Sogar ein klares ja! F\u00fcr diese Leute gilt es halt gleich zu Beginn auf allen wichtigen Fronten f\u00fcr das Klettern zu arbeiten: Neben dem Erlernen der <a href=\"https:\/\/www.target10a.com\/magazin\/2019\/04\/18\/die-top-3-technikfehler-von-kletteranfaengern-und-tipps-wie-man-sie-vermeidet\/\">Klettertechnik<\/a> und Taktik selbst, sollte vor allem an der Athletik, der K\u00f6rperspannung und der Beweglichkeit gearbeitet werden, so wie ich das schon in vielen meiner <a href=\"https:\/\/www.target10a.com\/magazin\/2019\/11\/09\/trainingsplan-fuer-anfaenger-klettern-bouldern\/\">Beitr\u00e4ge propagiert<\/a> habe! Mit ausschlie\u00dflichem Klettern oder Bouldern gehen wird man seine Ziele kaum oder erst viel sp\u00e4ter erreichen. Schlie\u00dflich sind die Finger auch gerade zu Beginn nicht so belastbar, so dass auch andere Trainingsinhalte gleich zu Beginn Sinn machen. Regelm\u00e4\u00dfiges Cardiotraining, wie 2x die Woche f\u00fcr 20 Minuten Joggen, sollten auch dazu beitragen den K\u00f6rper an die Trainingsbelastung zu gew\u00f6hnen!<\/p>\n\n\n\n<p>Ein Griffbretttraining gleich zu Beginn empfehle ich nicht, aber nach einer gewissen Zeit, kann auch das f\u00fcr einige durchaus sinnvoll werden!<\/p>\n\n\n\n<figure class=\"wp-block-image\"><a href=\"https:\/\/i0.wp.com\/www.target10a.com\/magazin\/wp-content\/uploads\/2020\/01\/20190902_144419-01.jpeg?ssl=1\"><img loading=\"lazy\" decoding=\"async\" width=\"800\" height=\"800\" src=\"https:\/\/i0.wp.com\/www.target10a.com\/magazin\/wp-content\/uploads\/2020\/01\/20190902_144419-01.jpeg?resize=800%2C800&#038;ssl=1\" alt=\"Linebreaker AIR - Am richtigen Ort kann das Griffbretttraining sogar Spa\u00df machen!\" class=\"wp-image-5041\" srcset=\"https:\/\/i0.wp.com\/www.target10a.com\/magazin\/wp-content\/uploads\/2020\/01\/20190902_144419-01.jpeg?resize=1024%2C1024&amp;ssl=1 1024w, https:\/\/i0.wp.com\/www.target10a.com\/magazin\/wp-content\/uploads\/2020\/01\/20190902_144419-01.jpeg?resize=150%2C150&amp;ssl=1 150w, https:\/\/i0.wp.com\/www.target10a.com\/magazin\/wp-content\/uploads\/2020\/01\/20190902_144419-01.jpeg?resize=300%2C300&amp;ssl=1 300w, https:\/\/i0.wp.com\/www.target10a.com\/magazin\/wp-content\/uploads\/2020\/01\/20190902_144419-01.jpeg?resize=768%2C768&amp;ssl=1 768w, https:\/\/i0.wp.com\/www.target10a.com\/magazin\/wp-content\/uploads\/2020\/01\/20190902_144419-01.jpeg?w=1600&amp;ssl=1 1600w, https:\/\/i0.wp.com\/www.target10a.com\/magazin\/wp-content\/uploads\/2020\/01\/20190902_144419-01.jpeg?w=2400&amp;ssl=1 2400w\" sizes=\"(max-width: 800px) 100vw, 800px\" data-recalc-dims=\"1\" \/><\/a><figcaption>Linebreaker AIR &#8211; Am richtigen Ort kann das Griffbretttraining sogar Spa\u00df machen!<\/figcaption><\/figure>\n\n\n\n<p>Was in dem Alter, also 25 und \u00e4lter, bei dem ein oder anderen, egal auch ob Frau oder Mann ein Thema sein kann, ist das K\u00f6rpergewicht. In dem Alter haben manche schon etwas zu viel Fett und Masse angesetzt und das ist nat\u00fcrlich absolut kontraproduktiv f\u00fcrs Klettern.<\/p>\n\n\n\n<p>Bei einigen kann sich das Gewicht schon alleine durch den gesteigerten Bewegungsumfang reduzieren, f\u00fcr die anderen aber, die weniger Gl\u00fcck haben, kommt eine Ern\u00e4hrungsumstellung oder vielleicht auch nur ein wenig mehr Ern\u00e4hrungsbewusstsein oder Disziplin in Frage. Die ganz harten F\u00e4lle k\u00f6nnen sogar \u00fcber eine dezidierte Di\u00e4t nachdenken. Auch wenn der Begriff \u201eDi\u00e4t\u201c f\u00fcr viele abschreckend ist \u2013 auf diesem Weg kann man seinen Erfahrungshorizont und Wissenshorizont auch unglaublich erweitern \u2013 neben der Gewichtsreduktion an sich nat\u00fcrlich\u2026<\/p>\n\n\n\n<p>Als Faustregel, wie weit man es in einem Sport bringen kann, habe ich f\u00fcr mich pers\u00f6nlich so die Theorie, dass man in 3 Jahren bei 100%igen Trainingseinsatz 90% seines pers\u00f6nlichen Limits in den meisten Sportarten herausholen kann. Zumindest gilt das ab dem Zeitpunkt, ab dem man so ziemlich k\u00f6rperlich ausgewachsen ist, also ca. ab einem Alter von 15 Jahren.<\/p>\n\n\n\n<p>Ab dann kann man also in fast jeder Sportart innerhalb von 3 Jahren 90% seines Limits erreichen. So zumindest meine Beobachtung und Erfahrung!<\/p>\n\n\n\n<p>Das wollte ich allen Sp\u00e4t- und Umsteigern als Motivation noch mitgeben! Trainiert viel aber auch vielseitig, trainiert hart aber auch clever und macht es gut bis zum n\u00e4chsten mal! <\/p>\n\n\n\n<h2 class=\"wp-block-heading\">Der Artikel als Video<\/h2>\n\n\n\n<figure class=\"wp-block-embed-youtube wp-block-embed is-type-video is-provider-youtube wp-embed-aspect-16-9 wp-has-aspect-ratio\"><div class=\"wp-block-embed__wrapper\">\n<span class=\"embed-youtube\" style=\"text-align:center; display: block;\"><iframe loading=\"lazy\" class=\"youtube-player\" width=\"800\" height=\"450\" src=\"https:\/\/www.youtube.com\/embed\/qwAlV-BeKtI?version=3&#038;rel=1&#038;showsearch=0&#038;showinfo=1&#038;iv_load_policy=1&#038;fs=1&#038;hl=de-DE&#038;autohide=2&#038;wmode=transparent\" allowfullscreen=\"true\" style=\"border:0;\" sandbox=\"allow-scripts allow-same-origin allow-popups allow-presentation\"><\/iframe><\/span>\n<\/div><\/figure>\n","protected":false},"excerpt":{"rendered":"<p>Kann man eigentlich mit 27 noch so richtig gut im Klettern werden? Genau diese Frage habe ich mir selbst, mit<\/p>\n","protected":false},"author":1,"featured_media":5189,"comment_status":"open","ping_status":"open","sticky":false,"template":"","format":"standard","meta":{"jetpack_post_was_ever_published":false,"footnotes":"","jetpack_publicize_message":"Kann man mit 27 eigentlich noch so richtig gut im Klettern werden?\n#klettern #bouldern #target10a","jetpack_is_tweetstorm":false,"jetpack_publicize_feature_enabled":true,"jetpack_social_post_already_shared":true,"jetpack_social_options":[]},"categories":[9,31,6],"tags":[60,76],"jetpack_publicize_connections":[],"jetpack_featured_media_url":"https:\/\/i0.wp.com\/www.target10a.com\/magazin\/wp-content\/uploads\/2020\/06\/climb-2296308.jpg?fit=4000%2C3000&ssl=1","jetpack_sharing_enabled":true,"jetpack_shortlink":"https:\/\/wp.me\/p6GLnl-1lD","_links":{"self":[{"href":"https:\/\/www.target10a.com\/magazin\/wp-json\/wp\/v2\/posts\/5185"}],"collection":[{"href":"https:\/\/www.target10a.com\/magazin\/wp-json\/wp\/v2\/posts"}],"about":[{"href":"https:\/\/www.target10a.com\/magazin\/wp-json\/wp\/v2\/types\/post"}],"author":[{"embeddable":true,"href":"https:\/\/www.target10a.com\/magazin\/wp-json\/wp\/v2\/users\/1"}],"replies":[{"embeddable":true,"href":"https:\/\/www.target10a.com\/magazin\/wp-json\/wp\/v2\/comments?post=5185"}],"version-history":[{"count":11,"href":"https:\/\/www.target10a.com\/magazin\/wp-json\/wp\/v2\/posts\/5185\/revisions"}],"predecessor-version":[{"id":5217,"href":"https:\/\/www.target10a.com\/magazin\/wp-json\/wp\/v2\/posts\/5185\/revisions\/5217"}],"wp:featuredmedia":[{"embeddable":true,"href":"https:\/\/www.target10a.com\/magazin\/wp-json\/wp\/v2\/media\/5189"}],"wp:attachment":[{"href":"https:\/\/www.target10a.com\/magazin\/wp-json\/wp\/v2\/media?parent=5185"}],"wp:term":[{"taxonomy":"category","embeddable":true,"href":"https:\/\/www.target10a.com\/magazin\/wp-json\/wp\/v2\/categories?post=5185"},{"taxonomy":"post_tag","embeddable":true,"href":"https:\/\/www.target10a.com\/magazin\/wp-json\/wp\/v2\/tags?post=5185"}],"curies":[{"name":"wp","href":"https:\/\/api.w.org\/{rel}","templated":true}]}}